{"id":378,"date":"2025-04-27T21:21:42","date_gmt":"2025-04-27T21:21:42","guid":{"rendered":"https:\/\/saborcaribefm.com\/?p=378"},"modified":"2025-04-27T21:21:43","modified_gmt":"2025-04-27T21:21:43","slug":"republica-dominicana-un-modelo-de-crecimiento-economico-y-transformacion-cultural-bajo-la-gestion-de-luis-abinader","status":"publish","type":"post","link":"https:\/\/saborcaribefm.com\/index.php\/2025\/04\/27\/republica-dominicana-un-modelo-de-crecimiento-economico-y-transformacion-cultural-bajo-la-gestion-de-luis-abinader\/","title":{"rendered":"Rep\u00fablica Dominicana: Un Modelo de Crecimiento Econ\u00f3mico y Transformaci\u00f3n Cultural Bajo la Gesti\u00f3n de Luis Abinader"},"content":{"rendered":"\n<p class=\"wp-block-paragraph\">En los \u00faltimos cuatro a\u00f1os, la Rep\u00fablica Dominicana ha experimentado un notable crecimiento econ\u00f3mico y una revitalizaci\u00f3n cultural bajo el liderazgo del presidente Luis Abinader y el Partido Revolucionario Moderno (PRM). Este per\u00edodo ha consolidado al pa\u00eds como una de las econom\u00edas m\u00e1s din\u00e1micas de Am\u00e9rica Latina, al tiempo que ha impulsado una transformaci\u00f3n significativa en el \u00e1mbito cultural.<\/p>\n\n\n\n<hr class=\"wp-block-separator has-alpha-channel-opacity\"\/>\n\n\n\n<h3 class=\"wp-block-heading\">Crecimiento Econ\u00f3mico Sostenido<\/h3>\n\n\n\n<p class=\"wp-block-paragraph\">Desde 2021 hasta 2024, la econom\u00eda dominicana ha mostrado una tendencia ascendente:<\/p>\n\n\n\n<ul class=\"wp-block-list\">\n<li>2021: Crecimiento del PIB real de 12.3%, impulsado por la recuperaci\u00f3n post-pandemia.<\/li>\n\n\n\n<li>2022: Crecimiento del 5.2%, con un PIB nominal de US$113,908.1 millones.<\/li>\n\n\n\n<li>2023: Crecimiento del 2.2%, alcanzando un PIB nominal de US$120,759.6 millones.<\/li>\n\n\n\n<li>2024: Crecimiento del 5.0%, con un PIB nominal de US$123,985.5 millones.\u00a0<\/li>\n<\/ul>\n\n\n\n<p class=\"wp-block-paragraph\">Este desempe\u00f1o posicion\u00f3 al pa\u00eds como la segunda econom\u00eda de mayor crecimiento en Am\u00e9rica Latina en 2024, solo superada por Guyana.&nbsp;<\/p>\n\n\n\n<p class=\"wp-block-paragraph\">Adem\u00e1s, la inflaci\u00f3n se ha mantenido controlada, cerrando en 3.35% en 2024, dentro del rango meta del Banco Central.&nbsp;<\/p>\n\n\n\n<hr class=\"wp-block-separator has-alpha-channel-opacity\"\/>\n\n\n\n<h3 class=\"wp-block-heading\">Atracci\u00f3n de Inversi\u00f3n y Fortalecimiento del Comercio Exterior<\/h3>\n\n\n\n<p class=\"wp-block-paragraph\">La Rep\u00fablica Dominicana ha logrado cifras r\u00e9cord en inversi\u00f3n extranjera directa (IED), alcanzando US$4,512 millones en 2024. Este \u00e9xito se atribuye a la seguridad jur\u00eddica y a una agenda de reformas que han mejorado el clima de negocios.&nbsp;<\/p>\n\n\n\n<p class=\"wp-block-paragraph\">En cuanto al comercio exterior, las exportaciones alcanzaron US$13,852 millones en 2024, representando un crecimiento del 7.1% respecto al a\u00f1o anterior y un aumento del 23.8% en comparaci\u00f3n con 2019.&nbsp;<\/p>\n\n\n\n<hr class=\"wp-block-separator has-alpha-channel-opacity\"\/>\n\n\n\n<h3 class=\"wp-block-heading\">Proyecciones Futuras<\/h3>\n\n\n\n<p class=\"wp-block-paragraph\">Para 2025, se proyecta un crecimiento del PIB entre 4.5% y 5.0%, seg\u00fan el Ministerio de Econom\u00eda, Planificaci\u00f3n y Desarrollo.&nbsp; Estas proyecciones superan el promedio regional, consolidando la posici\u00f3n del pa\u00eds como l\u00edder econ\u00f3mico en la regi\u00f3n.<\/p>\n\n\n\n<hr class=\"wp-block-separator has-alpha-channel-opacity\"\/>\n\n\n\n<h3 class=\"wp-block-heading\">Impacto Cultural y Desarrollo de la Econom\u00eda Naranja<\/h3>\n\n\n\n<p class=\"wp-block-paragraph\">El gobierno de Abinader ha implementado un ambicioso plan de rescate y restauraci\u00f3n de infraestructuras culturales. Se han rehabilitado museos emblem\u00e1ticos como el Museo del Hombre Dominicano y el Museo Nacional de Historia y Geograf\u00eda, que estuvieron cerrados por a\u00f1os.&nbsp;<\/p>\n\n\n\n<p class=\"wp-block-paragraph\">Adem\u00e1s, se ha promovido la econom\u00eda naranja mediante alianzas estrat\u00e9gicas, como el acuerdo con Berklee College of Music, que ha beneficiado a j\u00f3venes talentos dominicanos.&nbsp;<\/p>\n\n\n\n<p class=\"wp-block-paragraph\">El sector cinematogr\u00e1fico tambi\u00e9n ha experimentado un auge, con la producci\u00f3n de 125 pel\u00edculas en 2023, generando m\u00e1s de RD$15,000 millones en la econom\u00eda.&nbsp;<\/p>\n\n\n\n<hr class=\"wp-block-separator has-alpha-channel-opacity\"\/>\n\n\n\n<h3 class=\"wp-block-heading\">Conclusi\u00f3n<\/h3>\n\n\n\n<p class=\"wp-block-paragraph\">La gesti\u00f3n de Luis Abinader ha demostrado un enfoque integral que combina crecimiento econ\u00f3mico sostenido con una revitalizaci\u00f3n cultural significativa. Este modelo de desarrollo posiciona a la Rep\u00fablica Dominicana como un referente en Am\u00e9rica Latina, evidenciando que es posible lograr un progreso econ\u00f3mico inclusivo y una transformaci\u00f3n cultural simult\u00e1neamente<\/p>\n","protected":false},"excerpt":{"rendered":"<p>En los \u00faltimos cuatro a\u00f1os, la Rep\u00fablica Dominicana ha experimentado un notable crecimiento econ\u00f3mico y una revitalizaci\u00f3n cultural bajo el liderazgo del presidente Luis Abinader y el Partido Revolucionario Moderno&hellip;<\/p>\n","protected":false},"author":1,"featured_media":379,"comment_status":"open","ping_status":"open","sticky":false,"template":"","format":"standard","meta":{"footnotes":""},"categories":[25],"tags":[],"class_list":["post-378","post","type-post","status-publish","format-standard","has-post-thumbnail","hentry","category-finanzas"],"_links":{"self":[{"href":"https:\/\/saborcaribefm.com\/index.php\/wp-json\/wp\/v2\/posts\/378","targetHints":{"allow":["GET"]}}],"collection":[{"href":"https:\/\/saborcaribefm.com\/index.php\/wp-json\/wp\/v2\/posts"}],"about":[{"href":"https:\/\/saborcaribefm.com\/index.php\/wp-json\/wp\/v2\/types\/post"}],"author":[{"embeddable":true,"href":"https:\/\/saborcaribefm.com\/index.php\/wp-json\/wp\/v2\/users\/1"}],"replies":[{"embeddable":true,"href":"https:\/\/saborcaribefm.com\/index.php\/wp-json\/wp\/v2\/comments?post=378"}],"version-history":[{"count":1,"href":"https:\/\/saborcaribefm.com\/index.php\/wp-json\/wp\/v2\/posts\/378\/revisions"}],"predecessor-version":[{"id":380,"href":"https:\/\/saborcaribefm.com\/index.php\/wp-json\/wp\/v2\/posts\/378\/revisions\/380"}],"wp:featuredmedia":[{"embeddable":true,"href":"https:\/\/saborcaribefm.com\/index.php\/wp-json\/wp\/v2\/media\/379"}],"wp:attachment":[{"href":"https:\/\/saborcaribefm.com\/index.php\/wp-json\/wp\/v2\/media?parent=378"}],"wp:term":[{"taxonomy":"category","embeddable":true,"href":"https:\/\/saborcaribefm.com\/index.php\/wp-json\/wp\/v2\/categories?post=378"},{"taxonomy":"post_tag","embeddable":true,"href":"https:\/\/saborcaribefm.com\/index.php\/wp-json\/wp\/v2\/tags?post=378"}],"curies":[{"name":"wp","href":"https:\/\/api.w.org\/{rel}","templated":true}]}}