{"id":368,"date":"2025-02-12T12:22:36","date_gmt":"2025-02-12T12:22:36","guid":{"rendered":"https:\/\/saborcaribefm.com\/?p=368"},"modified":"2025-02-12T12:23:34","modified_gmt":"2025-02-12T12:23:34","slug":"felix-cumbe-se-va-el-artista-nace-la-leyenda","status":"publish","type":"post","link":"https:\/\/saborcaribefm.com\/index.php\/2025\/02\/12\/felix-cumbe-se-va-el-artista-nace-la-leyenda\/","title":{"rendered":"F\u00e9lix Cumb\u00e9: Se Va el Artista, Nace la Leyenda."},"content":{"rendered":"\n<p class=\"wp-block-paragraph\"><strong>F\u00e9lix Cumb\u00e9: Se va el artista, nace la leyenda<\/strong><\/p>\n\n\n\n<p class=\"wp-block-paragraph\">F\u00e9lix Cumb\u00e9, nacido en 1961 en Croix-des-Bouquets, Hait\u00ed, fue un cantante, compositor y m\u00fasico que encontr\u00f3 su segunda patria en la Rep\u00fablica Dominicana, pa\u00eds donde desarroll\u00f3 gran parte de su carrera y dej\u00f3 una huella imborrable en la m\u00fasica. Naturalizado ciudadano dominicano en diciembre de 2022, Cumb\u00e9 se destac\u00f3 como un talento excepcional en el merengue y la bachata, g\u00e9neros a los que dedic\u00f3 su vida con pasi\u00f3n y entrega.<\/p>\n\n\n\n<p class=\"wp-block-paragraph\">Su legado musical incluye \u00e9xitos que marcaron generaciones, como <em>\u00abWea Wea\u00bb<\/em>, <em>\u00abCu\u00e1nto Llor\u00e9\u00bb<\/em>, y especialmente <em>\u00abFui Fua\u00bb<\/em>, un tema que, d\u00e9cadas despu\u00e9s de su auge, volvi\u00f3 a resurgir con un \u00e9xito rotundo. En sus \u00faltimos a\u00f1os, <em>\u00abFui Fua\u00bb<\/em> se hizo viral, llev\u00e1ndolo nuevamente al mainstream y d\u00e1ndole el reconocimiento masivo que siempre mereci\u00f3. Sin embargo, el artista no pudo disfrutar plenamente de este renacimiento debido a los problemas de salud que lo aquejaban.<\/p>\n\n\n\n<p class=\"wp-block-paragraph\">A lo largo de su trayectoria, F\u00e9lix Cumb\u00e9 demostr\u00f3 un amor inquebrantable por la m\u00fasica dominicana, a la que hizo importantes aportes con su estilo \u00fanico, fusionando ritmos caribe\u00f1os con letras que conectaban con el pueblo. Su influencia en el merengue y la bachata lo convirti\u00f3 en una figura clave en la evoluci\u00f3n de estos g\u00e9neros, contribuyendo a su internacionalizaci\u00f3n y revitalizaci\u00f3n en distintos momentos.<\/p>\n\n\n\n<figure class=\"wp-block-image size-full\"><img  title=\"\" loading=\"lazy\" decoding=\"async\" width=\"375\" height=\"240\" src=\"https:\/\/saborcaribefm.com\/wp-content\/uploads\/2025\/02\/felix-cumbe-ciudadano-6768313f-focus-0-0-375-240.jpg\"  alt=\"felix-cumbe-ciudadano-6768313f-focus-0-0-375-240 F\u00e9lix Cumb\u00e9: Se Va el Artista, Nace la Leyenda.\"  class=\"wp-image-370\" srcset=\"https:\/\/saborcaribefm.com\/wp-content\/uploads\/2025\/02\/felix-cumbe-ciudadano-6768313f-focus-0-0-375-240.jpg 375w, https:\/\/saborcaribefm.com\/wp-content\/uploads\/2025\/02\/felix-cumbe-ciudadano-6768313f-focus-0-0-375-240-300x192.jpg 300w\" sizes=\"auto, (max-width: 375px) 100vw, 375px\" \/><\/figure>\n\n\n\n<p class=\"wp-block-paragraph\">Cumb\u00e9, de origen humilde, nunca olvid\u00f3 sus ra\u00edces ni el esfuerzo que lo llev\u00f3 al estrellato. Su carisma, talento y perseverancia lo convirtieron en un referente para nuevas generaciones de m\u00fasicos. A pesar de los desaf\u00edos que enfrent\u00f3, su legado sigue vivo en cada nota de sus canciones y en el coraz\u00f3n del pueblo dominicano.<\/p>\n\n\n\n<p class=\"wp-block-paragraph\">Lamentablemente, F\u00e9lix Cumb\u00e9 falleci\u00f3 el 11 de febrero de 2025 a los 60 a\u00f1os, tras sufrir dos accidentes cerebrovasculares. Con su partida, se va el artista, pero nace la leyenda. Su voz y su m\u00fasica seguir\u00e1n sonando, inmortalizadas en el alma de quienes lo admiraron y celebraron su arte.<\/p>\n\n\n\n<p class=\"wp-block-paragraph\">BY JHON MARTINEZ<\/p>\n","protected":false},"excerpt":{"rendered":"<p>F\u00e9lix Cumb\u00e9: Se va el artista, nace la leyenda F\u00e9lix Cumb\u00e9, nacido en 1961 en Croix-des-Bouquets, Hait\u00ed, fue un cantante, compositor y m\u00fasico que encontr\u00f3 su segunda patria en la&hellip;<\/p>\n","protected":false},"author":1,"featured_media":369,"comment_status":"open","ping_status":"open","sticky":false,"template":"","format":"standard","meta":{"footnotes":""},"categories":[27,4,2],"tags":[],"class_list":["post-368","post","type-post","status-publish","format-standard","has-post-thumbnail","hentry","category-cultura","category-farandula","category-musica"],"_links":{"self":[{"href":"https:\/\/saborcaribefm.com\/index.php\/wp-json\/wp\/v2\/posts\/368","targetHints":{"allow":["GET"]}}],"collection":[{"href":"https:\/\/saborcaribefm.com\/index.php\/wp-json\/wp\/v2\/posts"}],"about":[{"href":"https:\/\/saborcaribefm.com\/index.php\/wp-json\/wp\/v2\/types\/post"}],"author":[{"embeddable":true,"href":"https:\/\/saborcaribefm.com\/index.php\/wp-json\/wp\/v2\/users\/1"}],"replies":[{"embeddable":true,"href":"https:\/\/saborcaribefm.com\/index.php\/wp-json\/wp\/v2\/comments?post=368"}],"version-history":[{"count":1,"href":"https:\/\/saborcaribefm.com\/index.php\/wp-json\/wp\/v2\/posts\/368\/revisions"}],"predecessor-version":[{"id":371,"href":"https:\/\/saborcaribefm.com\/index.php\/wp-json\/wp\/v2\/posts\/368\/revisions\/371"}],"wp:featuredmedia":[{"embeddable":true,"href":"https:\/\/saborcaribefm.com\/index.php\/wp-json\/wp\/v2\/media\/369"}],"wp:attachment":[{"href":"https:\/\/saborcaribefm.com\/index.php\/wp-json\/wp\/v2\/media?parent=368"}],"wp:term":[{"taxonomy":"category","embeddable":true,"href":"https:\/\/saborcaribefm.com\/index.php\/wp-json\/wp\/v2\/categories?post=368"},{"taxonomy":"post_tag","embeddable":true,"href":"https:\/\/saborcaribefm.com\/index.php\/wp-json\/wp\/v2\/tags?post=368"}],"curies":[{"name":"wp","href":"https:\/\/api.w.org\/{rel}","templated":true}]}}