{"id":202,"date":"2024-09-25T14:04:30","date_gmt":"2024-09-25T14:04:30","guid":{"rendered":"https:\/\/saborcaribefm.com\/?p=202"},"modified":"2024-09-25T14:04:31","modified_gmt":"2024-09-25T14:04:31","slug":"sale-a-investigar-sobre-su-abuelo-en-los-tiempos-de-horacio-vasquez-y-encuentra-un-tesoro-sobre-la-musica-dominicana","status":"publish","type":"post","link":"https:\/\/saborcaribefm.com\/index.php\/2024\/09\/25\/sale-a-investigar-sobre-su-abuelo-en-los-tiempos-de-horacio-vasquez-y-encuentra-un-tesoro-sobre-la-musica-dominicana\/","title":{"rendered":"Sale a investigar sobre su abuelo en los tiempos de Horacio V\u00e1squez y encuentra un tesoro sobre la m\u00fasica dominicana"},"content":{"rendered":"\n<p class=\"wp-block-paragraph\">\u00a1Qu\u00e9 historia tan fascinante!\u00a0<a href=\"https:\/\/listindiario.com\/entretenimiento\/musica\/20240925\/sale-investigar-sobre-abuelo-tiempos-horacio-vasquez-encuentra-tesoro-sobre-musica-dominicana_826926.html\" target=\"_blank\" rel=\"noreferrer noopener\">Eduardo Gautreau de Windt, un poeta e investigador, se embarc\u00f3 en una investigaci\u00f3n sobre su abuelo, Clodomiro Gautreau, quien fue un destacado m\u00fasico durante la \u00e9poca de Horacio V\u00e1squez. Durante su investigaci\u00f3n, Eduardo descubri\u00f3 no solo la rica carrera musical de su abuelo, sino tambi\u00e9n el papel crucial que jug\u00f3 el peri\u00f3dico LIST\u00cdN DIARIO en la creaci\u00f3n de instituciones musicales importantes en la Rep\u00fablica Dominicana<\/a>.<\/p>\n\n\n\n<p class=\"wp-block-paragraph\">Entre los hallazgos m\u00e1s notables, Eduardo encontr\u00f3 que su abuelo fue uno de los precursores del Primer Congreso Musical Dominicano, celebrado en 1928.&nbsp;<a href=\"https:\/\/listindiario.com\/entretenimiento\/musica\/20240925\/sale-investigar-sobre-abuelo-tiempos-horacio-vasquez-encuentra-tesoro-sobre-musica-dominicana_826926.html\" target=\"_blank\" rel=\"noreferrer noopener\">Este evento fue fundamental para el desarrollo de la m\u00fasica en el pa\u00eds, incluyendo la creaci\u00f3n de la Orquesta Sinf\u00f3nica Nacional, el Conservatorio Nacional de M\u00fasica y el Teatro Naci<\/a><\/p>\n\n\n\n<p class=\"wp-block-paragraph\">\u00a1Qu\u00e9 interesante premisa! Imag\u00ednate que, al investigar sobre su abuelo en los tiempos de Horacio V\u00e1squez, el personaje descubre no solo la historia familiar, sino tambi\u00e9n un tesoro invaluable que revela una parte oculta de la m\u00fasica dominicana. Este per\u00edodo (alrededor de 1924-1930) fue crucial en la historia de la Rep\u00fablica Dominicana, y podr\u00eda ser un punto fascinante para explorar la evoluci\u00f3n cultural y musical del pa\u00eds.<\/p>\n\n\n\n<ol class=\"wp-block-list\">\n<li><strong>Contexto hist\u00f3rico<\/strong>:\n<ul class=\"wp-block-list\">\n<li>Durante el gobierno de Horacio V\u00e1squez (1924-1930), la Rep\u00fablica Dominicana experiment\u00f3 un per\u00edodo de relativa estabilidad despu\u00e9s de la intervenci\u00f3n militar de los Estados Unidos (1916-1924). La m\u00fasica y la cultura se empezaban a consolidar de nuevas formas, y los g\u00e9neros populares como el merengue estaban en pleno desarrollo.<\/li>\n<\/ul>\n<\/li>\n\n\n\n<li><strong>El hallazgo del tesoro<\/strong>:\n<ul class=\"wp-block-list\">\n<li>El personaje, al investigar en archivos antiguos, descubre un ba\u00fal o una caja oculta con partituras in\u00e9ditas, instrumentos antiguos y grabaciones desconocidas de la \u00e9poca. Quiz\u00e1s estas composiciones fueron creadas por m\u00fasicos locales que nunca llegaron a la fama debido a la inestabilidad pol\u00edtica o la falta de recursos para difundir su m\u00fasica.<\/li>\n<\/ul>\n<\/li>\n\n\n\n<li><strong>El legado musical de su abuelo<\/strong>:\n<ul class=\"wp-block-list\">\n<li>Resulta que el abuelo del personaje fue parte de una red secreta de m\u00fasicos, una especie de colectivo que buscaba preservar la m\u00fasica folcl\u00f3rica dominicana mientras el pa\u00eds atravesaba una modernizaci\u00f3n forzada. Esto podr\u00eda conectar al personaje con un linaje de artistas que lucharon por mantener viva la identidad cultural dominicana.<\/li>\n<\/ul>\n<\/li>\n\n\n\n<li><strong>Revalorizaci\u00f3n de la m\u00fasica dominicana<\/strong>:\n<ul class=\"wp-block-list\">\n<li>El personaje, al descubrir este tesoro, se embarca en un proyecto de investigaci\u00f3n y difusi\u00f3n de este legado musical. Esto podr\u00eda incluir la restauraci\u00f3n de grabaciones, la interpretaci\u00f3n de partituras antiguas y la publicaci\u00f3n de un libro o documental que pone en valor las contribuciones de m\u00fasicos an\u00f3nimos.<\/li>\n<\/ul>\n<\/li>\n\n\n\n<li><strong>Influencia de la pol\u00edtica en la m\u00fasica<\/strong>:\n<ul class=\"wp-block-list\">\n<li>Durante el mandato de V\u00e1squez, la pol\u00edtica jugaba un papel importante en la vida diaria, y podr\u00eda haber habido una censura o influencia gubernamental en la m\u00fasica que se permit\u00eda o se reprim\u00eda. Quiz\u00e1s algunas de las partituras encontradas contienen mensajes ocultos de protesta o resistencia.<\/li>\n<\/ul>\n<\/li>\n<\/ol>\n\n\n\n<p class=\"wp-block-paragraph\">Este tipo de historia podr\u00eda no solo resaltar el valor cultural de la m\u00fasica dominicana, sino tambi\u00e9n c\u00f3mo la historia personal de una familia puede conectarse con la identidad y la resistencia cultural de todo un pa\u00eds.<\/p>\n\n\n\n<p class=\"wp-block-paragraph\"><strong><em>By: Guillermo Martinez<\/em><\/strong><\/p>\n\n\n\n<p class=\"wp-block-paragraph\"><\/p>\n","protected":false},"excerpt":{"rendered":"<p>\u00a1Qu\u00e9 historia tan fascinante!\u00a0Eduardo Gautreau de Windt, un poeta e investigador, se embarc\u00f3 en una investigaci\u00f3n sobre su abuelo, Clodomiro Gautreau, quien fue un destacado m\u00fasico durante la \u00e9poca de&hellip;<\/p>\n","protected":false},"author":1,"featured_media":204,"comment_status":"open","ping_status":"open","sticky":false,"template":"","format":"standard","meta":{"footnotes":""},"categories":[2],"tags":[],"class_list":["post-202","post","type-post","status-publish","format-standard","has-post-thumbnail","hentry","category-musica"],"_links":{"self":[{"href":"https:\/\/saborcaribefm.com\/index.php\/wp-json\/wp\/v2\/posts\/202","targetHints":{"allow":["GET"]}}],"collection":[{"href":"https:\/\/saborcaribefm.com\/index.php\/wp-json\/wp\/v2\/posts"}],"about":[{"href":"https:\/\/saborcaribefm.com\/index.php\/wp-json\/wp\/v2\/types\/post"}],"author":[{"embeddable":true,"href":"https:\/\/saborcaribefm.com\/index.php\/wp-json\/wp\/v2\/users\/1"}],"replies":[{"embeddable":true,"href":"https:\/\/saborcaribefm.com\/index.php\/wp-json\/wp\/v2\/comments?post=202"}],"version-history":[{"count":1,"href":"https:\/\/saborcaribefm.com\/index.php\/wp-json\/wp\/v2\/posts\/202\/revisions"}],"predecessor-version":[{"id":205,"href":"https:\/\/saborcaribefm.com\/index.php\/wp-json\/wp\/v2\/posts\/202\/revisions\/205"}],"wp:featuredmedia":[{"embeddable":true,"href":"https:\/\/saborcaribefm.com\/index.php\/wp-json\/wp\/v2\/media\/204"}],"wp:attachment":[{"href":"https:\/\/saborcaribefm.com\/index.php\/wp-json\/wp\/v2\/media?parent=202"}],"wp:term":[{"taxonomy":"category","embeddable":true,"href":"https:\/\/saborcaribefm.com\/index.php\/wp-json\/wp\/v2\/categories?post=202"},{"taxonomy":"post_tag","embeddable":true,"href":"https:\/\/saborcaribefm.com\/index.php\/wp-json\/wp\/v2\/tags?post=202"}],"curies":[{"name":"wp","href":"https:\/\/api.w.org\/{rel}","templated":true}]}}