{"id":199,"date":"2024-09-24T14:12:30","date_gmt":"2024-09-24T14:12:30","guid":{"rendered":"https:\/\/saborcaribefm.com\/?p=199"},"modified":"2024-09-24T14:13:16","modified_gmt":"2024-09-24T14:13:16","slug":"dia-de-nuestra-senora-de-las-mercedes-devocion-a-patrona-del-pueblo-dominicano","status":"publish","type":"post","link":"https:\/\/saborcaribefm.com\/index.php\/2024\/09\/24\/dia-de-nuestra-senora-de-las-mercedes-devocion-a-patrona-del-pueblo-dominicano\/","title":{"rendered":"D\u00eda de Nuestra Se\u00f1ora de las Mercedes; devoci\u00f3n a patrona del pueblo dominicano"},"content":{"rendered":"\n<p class=\"wp-block-paragraph\">El <strong>D\u00eda de Nuestra Se\u00f1ora de las Mercedes<\/strong>, celebrado cada <strong>24 de septiembre<\/strong>, es una de las festividades religiosas m\u00e1s importantes de la Rep\u00fablica Dominicana. Esta devoci\u00f3n tiene profundas ra\u00edces en la identidad y espiritualidad del pueblo dominicano, ya que <strong>Nuestra Se\u00f1ora de las Mercedes<\/strong> es la <strong>patrona espiritual del pa\u00eds<\/strong>.<\/p>\n\n\n\n<h3 class=\"wp-block-heading\">Origen y significado<\/h3>\n\n\n\n<p class=\"wp-block-paragraph\">La Virgen de las Mercedes, tambi\u00e9n conocida como <strong>Virgen de la Merced<\/strong>, tiene una historia que se remonta a la fundaci\u00f3n de la Orden de la Merced en el siglo XIII, en Barcelona, Espa\u00f1a. La orden fue establecida con el prop\u00f3sito de liberar a los cristianos cautivos por los musulmanes, y su misi\u00f3n era redimir a los prisioneros. La Virgen de la Merced se convirti\u00f3 en s\u00edmbolo de liberaci\u00f3n y misericordia.<\/p>\n\n\n\n<p class=\"wp-block-paragraph\">En el caso de la Rep\u00fablica Dominicana, la devoci\u00f3n se consolida cuando en <strong>1616<\/strong> se le atribuye a la Virgen la intercesi\u00f3n durante un fuerte terremoto que sacudi\u00f3 el pa\u00eds. Se cree que su intervenci\u00f3n evit\u00f3 una cat\u00e1strofe mayor, lo que fortaleci\u00f3 la fe del pueblo dominicano en ella.<\/p>\n\n\n\n<h3 class=\"wp-block-heading\">Celebraci\u00f3n y festividades<\/h3>\n\n\n\n<p class=\"wp-block-paragraph\">Cada 24 de septiembre, miles de dominicanos peregrinan al <strong>Santo Cerro<\/strong>, en la provincia de La Vega, donde se encuentra el santuario dedicado a Nuestra Se\u00f1ora de las Mercedes. Esta colina tiene un significado hist\u00f3rico y espiritual, ya que se dice que all\u00ed, durante las luchas entre los colonizadores espa\u00f1oles y los ind\u00edgenas ta\u00ednos, la Virgen se apareci\u00f3 para dar fuerza a los espa\u00f1oles. A lo largo de los siglos, el Santo Cerro se ha consolidado como el centro de devoci\u00f3n mariana en el pa\u00eds.<\/p>\n\n\n\n<p class=\"wp-block-paragraph\"><strong>La festividad incluye:<\/strong><\/p>\n\n\n\n<ul class=\"wp-block-list\">\n<li><strong>Misas y procesiones<\/strong>: Se celebran misas solemnes, y la imagen de la Virgen es llevada en procesi\u00f3n, acompa\u00f1ada por miles de fieles.<\/li>\n\n\n\n<li><strong>Peregrinaciones<\/strong>: Los devotos de todo el pa\u00eds viajan hasta el Santo Cerro para rendir homenaje a su patrona.<\/li>\n\n\n\n<li><strong>Manifestaciones culturales<\/strong>: La celebraci\u00f3n se mezcla con actividades culturales, como m\u00fasica, danza y otras expresiones populares.<\/li>\n<\/ul>\n\n\n\n<h3 class=\"wp-block-heading\">Significado actual<\/h3>\n\n\n\n<p class=\"wp-block-paragraph\">Para los dominicanos, la Virgen de las Mercedes es un s\u00edmbolo de protecci\u00f3n, liberaci\u00f3n y paz. No solo es venerada por su intercesi\u00f3n espiritual, sino tambi\u00e9n como un s\u00edmbolo de identidad nacional. La devoci\u00f3n a ella trasciende fronteras, y dominicanos en el extranjero tambi\u00e9n celebran su d\u00eda con misas y festividades.<\/p>\n\n\n\n<p class=\"wp-block-paragraph\">Esta festividad resalta la fuerte conexi\u00f3n entre la fe cat\u00f3lica y la cultura dominicana, reflejando el papel fundamental de la religi\u00f3n en la vida diaria y en la historia del pa\u00eds.<\/p>\n\n\n\n<p class=\"wp-block-paragraph\"><a href=\"https:\/\/listindiario.com\/la-republica\/20240924\/dia-nuestra-senora-mercedes-patrona-pueblo-dominicano_826859.html\" target=\"_blank\" rel=\"noreferrer noopener\">Cada 24 de septiembre, los dominicanos celebran el\u00a0<strong>D\u00eda de Nuestra Se\u00f1ora de las Mercedes<\/strong>, la patrona del pa\u00eds<\/a><a href=\"https:\/\/listindiario.com\/la-republica\/20240924\/dia-nuestra-senora-mercedes-patrona-pueblo-dominicano_826859.html\" target=\"_blank\" rel=\"noreferrer noopener\"><sup>1<\/sup><\/a>. Esta festividad tiene profundas ra\u00edces en la cultura y espiritualidad del pueblo dominicano.\u00a0<a href=\"https:\/\/reflexionandolapalabra.com\/moniciones-nuestra-senora-de-las-mercedes-24-de-septiembre-del-2024\/\" target=\"_blank\" rel=\"noreferrer noopener\">La devoci\u00f3n a la Virgen de las Mercedes se remonta a la llegada de los conquistadores espa\u00f1oles en el siglo XVI, quienes trajeron consigo esta advocaci\u00f3n mariana<\/a>.<\/p>\n\n\n\n<p class=\"wp-block-paragraph\"><a href=\"https:\/\/bing.com\/search?q=\" target=\"_blank\" rel=\"noreferrer noopener\">La Virgen de las Mercedes es vista como protectora en tiempos de dificultad, y su festividad es motivo de grandes manifestaciones de fe en todo el territorio nacional<\/a>.\u00a0<a href=\"https:\/\/listindiario.com\/la-republica\/20240924\/dia-nuestra-senora-mercedes-patrona-pueblo-dominicano_826859.html\" target=\"_blank\" rel=\"noreferrer noopener\">Uno de los lugares m\u00e1s emblem\u00e1ticos para esta celebraci\u00f3n es el\u00a0<strong>Santo Cerro<\/strong>\u00a0en La Vega, donde se encuentra un santuario dedicado a la Virgen<\/a><\/p>\n\n\n\n<p class=\"wp-block-paragraph\">By: Guillermo Martinez<\/p>\n\n\n\n<p class=\"wp-block-paragraph\"><\/p>\n","protected":false},"excerpt":{"rendered":"<p>El D\u00eda de Nuestra Se\u00f1ora de las Mercedes, celebrado cada 24 de septiembre, es una de las festividades religiosas m\u00e1s importantes de la Rep\u00fablica Dominicana. Esta devoci\u00f3n tiene profundas ra\u00edces&hellip;<\/p>\n","protected":false},"author":1,"featured_media":200,"comment_status":"open","ping_status":"open","sticky":false,"template":"","format":"standard","meta":{"footnotes":""},"categories":[27],"tags":[],"class_list":["post-199","post","type-post","status-publish","format-standard","has-post-thumbnail","hentry","category-cultura"],"_links":{"self":[{"href":"https:\/\/saborcaribefm.com\/index.php\/wp-json\/wp\/v2\/posts\/199","targetHints":{"allow":["GET"]}}],"collection":[{"href":"https:\/\/saborcaribefm.com\/index.php\/wp-json\/wp\/v2\/posts"}],"about":[{"href":"https:\/\/saborcaribefm.com\/index.php\/wp-json\/wp\/v2\/types\/post"}],"author":[{"embeddable":true,"href":"https:\/\/saborcaribefm.com\/index.php\/wp-json\/wp\/v2\/users\/1"}],"replies":[{"embeddable":true,"href":"https:\/\/saborcaribefm.com\/index.php\/wp-json\/wp\/v2\/comments?post=199"}],"version-history":[{"count":1,"href":"https:\/\/saborcaribefm.com\/index.php\/wp-json\/wp\/v2\/posts\/199\/revisions"}],"predecessor-version":[{"id":201,"href":"https:\/\/saborcaribefm.com\/index.php\/wp-json\/wp\/v2\/posts\/199\/revisions\/201"}],"wp:featuredmedia":[{"embeddable":true,"href":"https:\/\/saborcaribefm.com\/index.php\/wp-json\/wp\/v2\/media\/200"}],"wp:attachment":[{"href":"https:\/\/saborcaribefm.com\/index.php\/wp-json\/wp\/v2\/media?parent=199"}],"wp:term":[{"taxonomy":"category","embeddable":true,"href":"https:\/\/saborcaribefm.com\/index.php\/wp-json\/wp\/v2\/categories?post=199"},{"taxonomy":"post_tag","embeddable":true,"href":"https:\/\/saborcaribefm.com\/index.php\/wp-json\/wp\/v2\/tags?post=199"}],"curies":[{"name":"wp","href":"https:\/\/api.w.org\/{rel}","templated":true}]}}