{"id":195,"date":"2024-09-23T13:37:18","date_gmt":"2024-09-23T13:37:18","guid":{"rendered":"https:\/\/saborcaribefm.com\/?p=195"},"modified":"2024-09-23T13:37:19","modified_gmt":"2024-09-23T13:37:19","slug":"se-inicia-semana-nacional-de-movilidad-sostenible-2024-celebrando-el-dia-mundial-sin-autos","status":"publish","type":"post","link":"https:\/\/saborcaribefm.com\/index.php\/2024\/09\/23\/se-inicia-semana-nacional-de-movilidad-sostenible-2024-celebrando-el-dia-mundial-sin-autos\/","title":{"rendered":"Se inicia \u201cSemana Nacional de Movilidad Sostenible 2024\u201d celebrando el D\u00eda Mundial Sin Autos"},"content":{"rendered":"\n<p class=\"wp-block-paragraph\">La <strong>Semana Nacional de Movilidad Sostenible 2024<\/strong> ha comenzado con la celebraci\u00f3n del <strong>D\u00eda Mundial Sin Autos<\/strong>, una jornada dedicada a promover alternativas de transporte ecol\u00f3gico y concienciar sobre el impacto ambiental de los veh\u00edculos motorizados. Este evento busca motivar a las personas a utilizar modos de transporte m\u00e1s sostenibles, como la bicicleta, el transporte p\u00fablico, caminar, y otras formas no contaminantes de desplazamiento.<\/p>\n\n\n\n<p class=\"wp-block-paragraph\">Durante la semana, se espera que diversas ciudades implementen actividades como ciclov\u00edas temporales, conferencias, talleres y exposiciones sobre movilidad urbana sostenible. Adem\u00e1s, algunas zonas podr\u00edan restringir el uso de veh\u00edculos particulares, incentivando a los ciudadanos a reflexionar sobre los beneficios de una movilidad m\u00e1s limpia y eficiente.<\/p>\n\n\n\n<p class=\"wp-block-paragraph\">El <strong>D\u00eda Mundial Sin Autos<\/strong>, celebrado el 22 de septiembre, es una ocasi\u00f3n clave dentro de esta iniciativa global, con el objetivo de reducir las emisiones de gases contaminantes y mejorar la calidad del aire en las ciudades.<\/p>\n\n\n\n<p class=\"wp-block-paragraph\"><strong><em>Que es la movilidad sostenible?<\/em><\/strong><\/p>\n\n\n\n<p class=\"wp-block-paragraph\">La <strong>movilidad sostenible<\/strong> se refiere a un enfoque de transporte que busca minimizar los impactos negativos en el medio ambiente, la salud p\u00fablica y la calidad de vida. Implica el uso de sistemas de transporte que son m\u00e1s eficientes, menos contaminantes y que promueven el bienestar social. Entre las principales caracter\u00edsticas de la movilidad sostenible se encuentran:<\/p>\n\n\n\n<ol class=\"wp-block-list\">\n<li><strong>Reducci\u00f3n de la contaminaci\u00f3n<\/strong>: Se busca disminuir las emisiones de gases de efecto invernadero y contaminantes atmosf\u00e9ricos generados por los veh\u00edculos motorizados tradicionales. Esto incluye la promoci\u00f3n de veh\u00edculos el\u00e9ctricos, bicicletas, caminar y el uso del transporte p\u00fablico.<\/li>\n\n\n\n<li><strong>Ahorro energ\u00e9tico<\/strong>: La movilidad sostenible prioriza el uso eficiente de la energ\u00eda, ya sea promoviendo tecnolog\u00edas m\u00e1s limpias, como los veh\u00edculos el\u00e9ctricos, o fomentando el transporte colectivo, que reduce el consumo de combustible por persona.<\/li>\n\n\n\n<li><strong>Seguridad y accesibilidad<\/strong>: Se promueven infraestructuras seguras para peatones y ciclistas, as\u00ed como un transporte p\u00fablico accesible para todos, lo que incluye a personas con discapacidad y a quienes viven en \u00e1reas de bajos recursos.<\/li>\n\n\n\n<li><strong>Reducci\u00f3n del tr\u00e1fico y el ruido<\/strong>: Al reducir la dependencia del autom\u00f3vil particular, se disminuye el tr\u00e1fico vehicular y el ruido en las ciudades, mejorando la calidad de vida.<\/li>\n\n\n\n<li><strong>Fomento de la salud<\/strong>: Al promover medios de transporte activos, como caminar y andar en bicicleta, se contribuye a un estilo de vida m\u00e1s saludable.<\/li>\n<\/ol>\n\n\n\n<p class=\"wp-block-paragraph\">En resumen, la movilidad sostenible busca equilibrar las necesidades de desplazamiento de las personas con el respeto al medio ambiente y la calidad de vida, apostando por soluciones de transporte que sean beneficiosas para el entorno y las generaciones futuras.<\/p>\n\n\n\n<p class=\"wp-block-paragraph\"><strong><em>Cuales son los beneficios de la mobilidad sostenible?<\/em><\/strong><\/p>\n\n\n\n<p class=\"wp-block-paragraph\">La <strong>movilidad sostenible<\/strong> ofrece m\u00faltiples beneficios, tanto para las personas como para el medio ambiente y la sociedad en general. A continuaci\u00f3n, se destacan algunos de los principales:<\/p>\n\n\n\n<h3 class=\"wp-block-heading\">1. <strong>Reducci\u00f3n de la contaminaci\u00f3n ambiental<\/strong><\/h3>\n\n\n\n<ul class=\"wp-block-list\">\n<li><strong>Menores emisiones de gases de efecto invernadero<\/strong>: Al reducir el uso de veh\u00edculos motorizados y fomentar el transporte p\u00fablico, las bicicletas y el caminar, se disminuyen las emisiones de CO2 y otros gases contaminantes que contribuyen al cambio clim\u00e1tico y la contaminaci\u00f3n del aire.<\/li>\n\n\n\n<li><strong>Mejora de la calidad del aire<\/strong>: Esto contribuye a una mejor salud p\u00fablica, ya que una reducci\u00f3n en la contaminaci\u00f3n atmosf\u00e9rica puede disminuir las enfermedades respiratorias y cardiovasculares.<\/li>\n<\/ul>\n\n\n\n<h3 class=\"wp-block-heading\">2. <strong>Ahorro energ\u00e9tico<\/strong><\/h3>\n\n\n\n<ul class=\"wp-block-list\">\n<li>La movilidad sostenible promueve el uso de tecnolog\u00edas limpias y renovables, lo que contribuye a un menor consumo de combustibles f\u00f3siles. El uso eficiente de la energ\u00eda es esencial para reducir la dependencia del petr\u00f3leo y mitigar los efectos del agotamiento de los recursos naturales.<\/li>\n<\/ul>\n\n\n\n<h3 class=\"wp-block-heading\">3. <strong>Mejora de la salud p\u00fablica<\/strong><\/h3>\n\n\n\n<ul class=\"wp-block-list\">\n<li><strong>Transporte activo<\/strong>: Fomentar el caminar y el uso de bicicletas contribuye a un estilo de vida m\u00e1s activo y saludable. Estos medios de transporte no solo reducen las emisiones, sino que tambi\u00e9n promueven la actividad f\u00edsica, lo que puede reducir enfermedades como la obesidad, diabetes y problemas card\u00edacos.<\/li>\n\n\n\n<li><strong>Menor exposici\u00f3n a la contaminaci\u00f3n y al ruido<\/strong>: Un entorno m\u00e1s limpio y tranquilo mejora la salud mental y reduce los riesgos de enfermedades asociadas con el ruido constante y la contaminaci\u00f3n del aire.<\/li>\n<\/ul>\n\n\n\n<h3 class=\"wp-block-heading\">4. <strong>Descongesti\u00f3n del tr\u00e1fico<\/strong><\/h3>\n\n\n\n<ul class=\"wp-block-list\">\n<li>El uso de medios de transporte m\u00e1s eficientes, como el transporte p\u00fablico y las bicicletas, ayuda a reducir la congesti\u00f3n vehicular en las ciudades, disminuyendo el tiempo que las personas pasan en atascos y mejorando la movilidad urbana en general.<\/li>\n<\/ul>\n\n\n\n<h3 class=\"wp-block-heading\">5. <strong>Ahorro econ\u00f3mico<\/strong><\/h3>\n\n\n\n<ul class=\"wp-block-list\">\n<li><strong>Para las personas<\/strong>: Al reducir el uso del autom\u00f3vil particular, las personas pueden ahorrar en combustible, mantenimiento y estacionamiento. Adem\u00e1s, los medios de transporte sostenibles, como las bicicletas, son significativamente m\u00e1s econ\u00f3micos que los autom\u00f3viles.<\/li>\n\n\n\n<li><strong>Para las ciudades<\/strong>: Invertir en infraestructuras sostenibles y transporte p\u00fablico puede ser m\u00e1s econ\u00f3mico a largo plazo que mantener grandes infraestructuras dedicadas exclusivamente a los autom\u00f3viles.<\/li>\n<\/ul>\n\n\n\n<h3 class=\"wp-block-heading\">6. <strong>Mayor equidad social<\/strong><\/h3>\n\n\n\n<ul class=\"wp-block-list\">\n<li>La movilidad sostenible busca garantizar que todos los ciudadanos tengan acceso a opciones de transporte seguras, eficientes y asequibles. Esto incluye mejorar el transporte p\u00fablico, especialmente para las comunidades de bajos ingresos o las \u00e1reas rurales, y hacer que las ciudades sean m\u00e1s accesibles para personas con discapacidades.<\/li>\n<\/ul>\n\n\n\n<h3 class=\"wp-block-heading\">7. <strong>Mejora de la calidad de vida<\/strong><\/h3>\n\n\n\n<ul class=\"wp-block-list\">\n<li><strong>Ciudades m\u00e1s habitables<\/strong>: Al reducir el tr\u00e1fico, la contaminaci\u00f3n y el ruido, las ciudades se vuelven m\u00e1s agradables para vivir. Las calles se vuelven m\u00e1s seguras y m\u00e1s espacios pueden destinarse a \u00e1reas verdes o zonas recreativas.<\/li>\n\n\n\n<li><strong>Fomento de la interacci\u00f3n social<\/strong>: Las ciudades con mayor infraestructura para caminar y andar en bicicleta tienden a fomentar m\u00e1s interacciones entre las personas, fortaleciendo el sentido de comunidad.<\/li>\n<\/ul>\n\n\n\n<h3 class=\"wp-block-heading\">8. <strong>Sostenibilidad a largo plazo<\/strong><\/h3>\n\n\n\n<ul class=\"wp-block-list\">\n<li>Promover modos de transporte que sean respetuosos con el medio ambiente y que no dependan del agotamiento de recursos naturales no renovables garantiza que las generaciones futuras puedan disfrutar de ciudades habitables y de un entorno natural preservado.<\/li>\n<\/ul>\n\n\n\n<p class=\"wp-block-paragraph\">En conjunto, la movilidad sostenible no solo tiene un impacto positivo en el medio ambiente, sino que tambi\u00e9n mejora el bienestar de las personas y la estructura social y econ\u00f3mica de las ciudades, ofreciendo un modelo de desarrollo m\u00e1s equilibrado y responsable.<\/p>\n\n\n\n<p class=\"wp-block-paragraph\"><strong>By: Guillermo Martinez<\/strong><\/p>\n\n\n\n<p class=\"wp-block-paragraph\"><\/p>\n","protected":false},"excerpt":{"rendered":"<p>La Semana Nacional de Movilidad Sostenible 2024 ha comenzado con la celebraci\u00f3n del D\u00eda Mundial Sin Autos, una jornada dedicada a promover alternativas de transporte ecol\u00f3gico y concienciar sobre el&hellip;<\/p>\n","protected":false},"author":1,"featured_media":196,"comment_status":"open","ping_status":"open","sticky":false,"template":"","format":"standard","meta":{"footnotes":""},"categories":[26],"tags":[],"class_list":["post-195","post","type-post","status-publish","format-standard","has-post-thumbnail","hentry","category-mundial"],"_links":{"self":[{"href":"https:\/\/saborcaribefm.com\/index.php\/wp-json\/wp\/v2\/posts\/195","targetHints":{"allow":["GET"]}}],"collection":[{"href":"https:\/\/saborcaribefm.com\/index.php\/wp-json\/wp\/v2\/posts"}],"about":[{"href":"https:\/\/saborcaribefm.com\/index.php\/wp-json\/wp\/v2\/types\/post"}],"author":[{"embeddable":true,"href":"https:\/\/saborcaribefm.com\/index.php\/wp-json\/wp\/v2\/users\/1"}],"replies":[{"embeddable":true,"href":"https:\/\/saborcaribefm.com\/index.php\/wp-json\/wp\/v2\/comments?post=195"}],"version-history":[{"count":1,"href":"https:\/\/saborcaribefm.com\/index.php\/wp-json\/wp\/v2\/posts\/195\/revisions"}],"predecessor-version":[{"id":197,"href":"https:\/\/saborcaribefm.com\/index.php\/wp-json\/wp\/v2\/posts\/195\/revisions\/197"}],"wp:featuredmedia":[{"embeddable":true,"href":"https:\/\/saborcaribefm.com\/index.php\/wp-json\/wp\/v2\/media\/196"}],"wp:attachment":[{"href":"https:\/\/saborcaribefm.com\/index.php\/wp-json\/wp\/v2\/media?parent=195"}],"wp:term":[{"taxonomy":"category","embeddable":true,"href":"https:\/\/saborcaribefm.com\/index.php\/wp-json\/wp\/v2\/categories?post=195"},{"taxonomy":"post_tag","embeddable":true,"href":"https:\/\/saborcaribefm.com\/index.php\/wp-json\/wp\/v2\/tags?post=195"}],"curies":[{"name":"wp","href":"https:\/\/api.w.org\/{rel}","templated":true}]}}