{"id":191,"date":"2024-09-23T13:00:54","date_gmt":"2024-09-23T13:00:54","guid":{"rendered":"https:\/\/saborcaribefm.com\/?p=191"},"modified":"2024-09-23T13:37:56","modified_gmt":"2024-09-23T13:37:56","slug":"the-jackson-5-que-fue-de-cada-uno","status":"publish","type":"post","link":"https:\/\/saborcaribefm.com\/index.php\/2024\/09\/23\/the-jackson-5-que-fue-de-cada-uno\/","title":{"rendered":"The Jackson 5: \u00bfqu\u00e9 fue de cada uno?"},"content":{"rendered":"\n<ol class=\"wp-block-list\">\n<li><strong>Jackie Jackson<\/strong>: El mayor de los hermanos, Jackie, ha continuado su carrera en la m\u00fasica y ha participado en varias reuniones del grupo. Tambi\u00e9n ha lanzado algunos \u00e1lbumes en solitario.<\/li>\n<\/ol>\n\n\n\n<figure class=\"wp-block-image\"><img  title=\"\" decoding=\"async\" src=\"https:\/\/www.bing.com\/th?id=OSK.HEROzhqCabO_SbOfe_rb7IqJWGDfK3xhzALlSSEzypfg-G0&amp;pid=cdx&amp;w=200&amp;h=128&amp;c=7&amp;rs=1\"  alt=\"th?id=OSK The Jackson 5: \u00bfqu\u00e9 fue de cada uno?\" \/><\/figure>\n\n\n\n<figure class=\"wp-block-image\"><img  title=\"\" decoding=\"async\" src=\"https:\/\/www.bing.com\/th?id=OSK.HEROzhqCabO_SbOfe_rb7IqJWGDfK3xhzALlSSEzypfg-G0&amp;pid=cdx&amp;w=200&amp;h=118&amp;c=7\"  alt=\"th?id=OSK The Jackson 5: \u00bfqu\u00e9 fue de cada uno?\" \/><\/figure>\n\n\n\n<ol start=\"2\" class=\"wp-block-list\">\n<li><a href=\"https:\/\/listindiario.com\/entretenimiento\/musica\/20240923\/the-jackson-5-que_826663.html\" target=\"_blank\" rel=\"noreferrer noopener\"><strong>Tito Jackson<\/strong>: Tito, quien recientemente falleci\u00f3 el 15 de septiembre de 2024<\/a>. sigui\u00f3 una carrera en solitario y tambi\u00e9n form\u00f3 parte de la banda 3T con sus hijos. Fue guitarrista y cantante, y su legado en la m\u00fasica sigue siendo recordado.<\/li>\n<\/ol>\n\n\n\n<figure class=\"wp-block-image\"><img  title=\"\" decoding=\"async\" src=\"https:\/\/www.bing.com\/th?id=OSK.HEROfkT3RmpWoNk6BjXvri6SmpSr5bPSAA-DUcMpExiU4uw&amp;pid=cdx&amp;w=200&amp;h=128&amp;c=7&amp;rs=1\"  alt=\"th?id=OSK The Jackson 5: \u00bfqu\u00e9 fue de cada uno?\" \/><\/figure>\n\n\n\n<figure class=\"wp-block-image\"><img  title=\"\" decoding=\"async\" src=\"https:\/\/www.bing.com\/th?id=OSK.HEROfkT3RmpWoNk6BjXvri6SmpSr5bPSAA-DUcMpExiU4uw&amp;pid=cdx&amp;w=200&amp;h=118&amp;c=7\"  alt=\"th?id=OSK The Jackson 5: \u00bfqu\u00e9 fue de cada uno?\" \/><\/figure>\n\n\n\n<ol start=\"3\" class=\"wp-block-list\">\n<li><strong>Jermaine Jackson<\/strong>: Jermaine tuvo una exitosa carrera en solitario y tambi\u00e9n se convirti\u00f3 en productor musical. Ha participado en varias reuniones de The Jacksons y ha lanzado varios \u00e1lbumes en solitario.<\/li>\n<\/ol>\n\n\n\n<figure class=\"wp-block-image\"><img  title=\"\" decoding=\"async\" src=\"https:\/\/www.bing.com\/th?id=OSK.HEROfYHH3aaRyCApoEnBPPw39z0P7Yy_9P_TrF7ATRMNowM&amp;pid=cdx&amp;w=200&amp;h=128&amp;c=7&amp;rs=1\"  alt=\"th?id=OSK The Jackson 5: \u00bfqu\u00e9 fue de cada uno?\" \/><\/figure>\n\n\n\n<figure class=\"wp-block-image\"><img  title=\"\" decoding=\"async\" src=\"https:\/\/www.bing.com\/th?id=OSK.HEROfYHH3aaRyCApoEnBPPw39z0P7Yy_9P_TrF7ATRMNowM&amp;pid=cdx&amp;w=200&amp;h=118&amp;c=7\"  alt=\"th?id=OSK The Jackson 5: \u00bfqu\u00e9 fue de cada uno?\" \/><\/figure>\n\n\n\n<ol start=\"4\" class=\"wp-block-list\">\n<li><strong>Marlon Jackson<\/strong>: Marlon se alej\u00f3 un poco de la m\u00fasica para dedicarse a los negocios, aunque ha participado en algunas reuniones del grupo. Tambi\u00e9n ha trabajado en proyectos de caridad y ha lanzado m\u00fasica en solitario.<\/li>\n<\/ol>\n\n\n\n<figure class=\"wp-block-image\"><img  title=\"\" decoding=\"async\" src=\"https:\/\/www.bing.com\/th?id=OSK.HEROyosJlUw1D0MRNA5Ub_8KAP3vZpH3bsgpOcH4jsbpMPo&amp;pid=cdx&amp;w=200&amp;h=128&amp;c=7&amp;rs=1\"  alt=\"th?id=OSK The Jackson 5: \u00bfqu\u00e9 fue de cada uno?\" \/><\/figure>\n\n\n\n<figure class=\"wp-block-image\"><img  title=\"\" decoding=\"async\" src=\"https:\/\/www.bing.com\/th?id=OSK.HEROyosJlUw1D0MRNA5Ub_8KAP3vZpH3bsgpOcH4jsbpMPo&amp;pid=cdx&amp;w=200&amp;h=118&amp;c=7\"  alt=\"th?id=OSK The Jackson 5: \u00bfqu\u00e9 fue de cada uno?\" \/><\/figure>\n\n\n\n<ol start=\"5\" class=\"wp-block-list\">\n<li><strong>Michael Jackson<\/strong>: Michael, el m\u00e1s famoso de los hermanos, tuvo una carrera solista extraordinaria, convirti\u00e9ndose en el \u201cRey del Pop\u201d. Su legado en la m\u00fasica y la cultura pop es inmenso. Michael falleci\u00f3 en 2009, pero su influencia sigue siendo muy fuerte.<\/li>\n<\/ol>\n\n\n\n<p class=\"wp-block-paragraph\"><a href=\"https:\/\/listindiario.com\/entretenimiento\/musica\/20240923\/the-jackson-5-que_826663.html\" target=\"_blank\" rel=\"noreferrer noopener\">Cada uno de los hermanos ha dejado su huella en la m\u00fasica y ha seguido caminos diversos despu\u00e9s de su \u00e9xito inicial con The Jackson<\/a><\/p>\n\n\n\n<p class=\"wp-block-paragraph\"><strong>By: Guillermo Martinez<\/strong><\/p>\n\n\n\n<p class=\"wp-block-paragraph\"><\/p>\n","protected":false},"excerpt":{"rendered":"<p>Cada uno de los hermanos ha dejado su huella en la m\u00fasica y ha seguido caminos diversos despu\u00e9s de su \u00e9xito inicial con The Jackson By: Guillermo Martinez<\/p>\n","protected":false},"author":1,"featured_media":194,"comment_status":"open","ping_status":"open","sticky":false,"template":"","format":"standard","meta":{"footnotes":""},"categories":[2],"tags":[],"class_list":["post-191","post","type-post","status-publish","format-standard","has-post-thumbnail","hentry","category-musica"],"_links":{"self":[{"href":"https:\/\/saborcaribefm.com\/index.php\/wp-json\/wp\/v2\/posts\/191","targetHints":{"allow":["GET"]}}],"collection":[{"href":"https:\/\/saborcaribefm.com\/index.php\/wp-json\/wp\/v2\/posts"}],"about":[{"href":"https:\/\/saborcaribefm.com\/index.php\/wp-json\/wp\/v2\/types\/post"}],"author":[{"embeddable":true,"href":"https:\/\/saborcaribefm.com\/index.php\/wp-json\/wp\/v2\/users\/1"}],"replies":[{"embeddable":true,"href":"https:\/\/saborcaribefm.com\/index.php\/wp-json\/wp\/v2\/comments?post=191"}],"version-history":[{"count":2,"href":"https:\/\/saborcaribefm.com\/index.php\/wp-json\/wp\/v2\/posts\/191\/revisions"}],"predecessor-version":[{"id":198,"href":"https:\/\/saborcaribefm.com\/index.php\/wp-json\/wp\/v2\/posts\/191\/revisions\/198"}],"wp:featuredmedia":[{"embeddable":true,"href":"https:\/\/saborcaribefm.com\/index.php\/wp-json\/wp\/v2\/media\/194"}],"wp:attachment":[{"href":"https:\/\/saborcaribefm.com\/index.php\/wp-json\/wp\/v2\/media?parent=191"}],"wp:term":[{"taxonomy":"category","embeddable":true,"href":"https:\/\/saborcaribefm.com\/index.php\/wp-json\/wp\/v2\/categories?post=191"},{"taxonomy":"post_tag","embeddable":true,"href":"https:\/\/saborcaribefm.com\/index.php\/wp-json\/wp\/v2\/tags?post=191"}],"curies":[{"name":"wp","href":"https:\/\/api.w.org\/{rel}","templated":true}]}}