{"id":188,"date":"2024-09-22T14:18:31","date_gmt":"2024-09-22T14:18:31","guid":{"rendered":"https:\/\/saborcaribefm.com\/?p=188"},"modified":"2024-09-22T14:18:31","modified_gmt":"2024-09-22T14:18:31","slug":"encargado-de-evidencias-de-la-fiscalia-de-barahona-roba-armas-de-fuego-del-almacen","status":"publish","type":"post","link":"https:\/\/saborcaribefm.com\/index.php\/2024\/09\/22\/encargado-de-evidencias-de-la-fiscalia-de-barahona-roba-armas-de-fuego-del-almacen\/","title":{"rendered":"Encargado de evidencias de la Fiscal\u00eda de Barahona roba armas de fuego del almac\u00e9n."},"content":{"rendered":"\n<p class=\"wp-block-paragraph\">Un encargado de evidencias de la Fiscal\u00eda de Barahona ha sido acusado de robar armas de fuego del almac\u00e9n bajo su custodia. El incidente ha causado gran indignaci\u00f3n y preocupaci\u00f3n en la comunidad, dado que la persona responsable ten\u00eda la tarea de salvaguardar los bienes incautados en investigaciones y procesos judiciales. Las autoridades han iniciado una investigaci\u00f3n para determinar el alcance del robo y las posibles conexiones con otros actos delictivos. Este caso destaca la importancia de fortalecer los mecanismos de control y supervisi\u00f3n dentro de las instituciones encargadas de la justicia para evitar futuros actos de corrupci\u00f3n.<\/p>\n\n\n\n<p class=\"wp-block-paragraph\"><strong>\u00bfC\u00f3mo afectar\u00e1 esto?<\/strong><\/p>\n\n\n\n<p class=\"wp-block-paragraph\">El robo de armas de fuego por parte del encargado de evidencias de la Fiscal\u00eda de Barahona podr\u00eda tener serias repercusiones a varios niveles:<\/p>\n\n\n\n<ol class=\"wp-block-list\">\n<li><strong>Impacto en la confianza p\u00fablica<\/strong>: Este tipo de incidentes socava la confianza de la poblaci\u00f3n en el sistema judicial y en las instituciones encargadas de hacer cumplir la ley. Las personas pueden comenzar a dudar de la integridad de la Fiscal\u00eda y de otros organismos, lo que genera un ambiente de desconfianza generalizada.<\/li>\n\n\n\n<li><strong>Aumento del crimen<\/strong>: Las armas robadas podr\u00edan terminar en manos de criminales, lo que incrementar\u00eda la violencia y los delitos en la regi\u00f3n. Esto genera un riesgo grave para la seguridad p\u00fablica, ya que las armas que deber\u00edan estar bajo resguardo oficial podr\u00edan ser utilizadas en actos delictivos.<\/li>\n\n\n\n<li><strong>Compromiso de investigaciones judiciales<\/strong>: Las armas y otras evidencias incautadas en casos judiciales son cruciales para los procesos penales. Si estas evidencias son robadas, se compromete la integridad de los casos y podr\u00eda resultar en la absoluci\u00f3n de delincuentes que deb\u00edan ser procesados, afectando la administraci\u00f3n de justicia.<\/li>\n\n\n\n<li><strong>Reputaci\u00f3n de la Fiscal\u00eda y el sistema judicial<\/strong>: La Fiscal\u00eda de Barahona y, por extensi\u00f3n, el sistema judicial dominicano sufrir\u00e1n un da\u00f1o en su reputaci\u00f3n a nivel nacional. Este tipo de esc\u00e1ndalos puede tener repercusiones m\u00e1s amplias si no se toman medidas correctivas y sanciones severas contra los responsables.<\/li>\n\n\n\n<li><strong>Presiones para reformas internas<\/strong>: Este tipo de incidente genera presi\u00f3n para mejorar los mecanismos de control y supervisi\u00f3n dentro de las fiscal\u00edas y otras dependencias del sistema de justicia. Podr\u00edan implementarse auditor\u00edas m\u00e1s rigurosas y mayores controles sobre los funcionarios que manejan evidencias, as\u00ed como la instalaci\u00f3n de c\u00e1maras de seguridad y registros m\u00e1s estrictos para el manejo de bienes incautados.<\/li>\n\n\n\n<li><strong>Sanciones legales<\/strong>: El funcionario responsable enfrentar\u00e1 consecuencias legales que probablemente incluir\u00e1n cargos por robo, malversaci\u00f3n de bienes del Estado y abuso de confianza. Esto tambi\u00e9n podr\u00eda llevar a sanciones administrativas para quienes, por negligencia, no supervisaron adecuadamente las actividades del responsable.<\/li>\n<\/ol>\n\n\n\n<p class=\"wp-block-paragraph\">En resumen, este hecho tiene el potencial de generar graves consecuencias para la seguridad p\u00fablica, el sistema judicial y la confianza en las instituciones, a menos que se tomen medidas r\u00e1pidas y efectivas para corregir la situaci\u00f3n.<\/p>\n\n\n\n<p class=\"wp-block-paragraph\"><strong>\u00bfQu\u00e9 medidas tomar\u00e1n?<\/strong><\/p>\n\n\n\n<p class=\"wp-block-paragraph\">Frente al robo de armas de fuego del almac\u00e9n de evidencias en la Fiscal\u00eda de Barahona, las autoridades probablemente tomar\u00e1n varias medidas para enfrentar la situaci\u00f3n y evitar que incidentes similares ocurran en el futuro. Estas son algunas de las acciones que podr\u00edan adoptarse:<\/p>\n\n\n\n<h3 class=\"wp-block-heading\">1. <strong>Investigaci\u00f3n interna y sanciones penales<\/strong><\/h3>\n\n\n\n<ul class=\"wp-block-list\">\n<li><strong>Investigaci\u00f3n exhaustiva<\/strong>: Se llevar\u00e1 a cabo una investigaci\u00f3n interna para determinar la magnitud del robo, cu\u00e1ntas armas fueron sustra\u00eddas y si hay m\u00e1s personas involucradas en el delito, tanto dentro como fuera de la Fiscal\u00eda.<\/li>\n\n\n\n<li><strong>Procesamiento judicial del responsable<\/strong>: El funcionario encargado ser\u00e1 procesado por robo, malversaci\u00f3n de bienes p\u00fablicos y cualquier otro delito relevante. Las autoridades tambi\u00e9n podr\u00edan investigar si existe una red de delincuencia organizada detr\u00e1s de este robo.<\/li>\n\n\n\n<li><strong>Sanciones administrativas<\/strong>: Adem\u00e1s de las sanciones penales, podr\u00edan aplicarse sanciones administrativas a los superiores del funcionario responsable, en caso de que se detecte negligencia en los controles de seguridad.<\/li>\n<\/ul>\n\n\n\n<h3 class=\"wp-block-heading\">2. <strong>Refuerzo de la seguridad en el manejo de evidencias<\/strong><\/h3>\n\n\n\n<ul class=\"wp-block-list\">\n<li><strong>Auditor\u00edas y controles m\u00e1s estrictos<\/strong>: Es probable que se realicen auditor\u00edas inmediatas y peri\u00f3dicas en los almacenes de evidencias para asegurar que todo el material est\u00e9 adecuadamente registrado y custodiado. Se evaluar\u00e1n los procedimientos de entrada y salida de bienes.<\/li>\n\n\n\n<li><strong>Instalaci\u00f3n de sistemas de vigilancia<\/strong>: Para prevenir futuros robos, se pueden instalar c\u00e1maras de seguridad en las \u00e1reas de almacenamiento de evidencias y en las oficinas de las fiscal\u00edas. Estas grabaciones ayudar\u00edan a monitorear y detectar posibles irregularidades.<\/li>\n\n\n\n<li><strong>Registro digital y mejor control de acceso<\/strong>: Se podr\u00eda implementar un sistema digital para registrar y hacer seguimiento de las evidencias, incluyendo las armas de fuego, con acceso restringido solo a personal autorizado. Esto incluir\u00eda huellas digitales o sistemas de identificaci\u00f3n biom\u00e9trica.<\/li>\n<\/ul>\n\n\n\n<h3 class=\"wp-block-heading\">3. <strong>Reformas en los procedimientos de custodia de evidencias<\/strong><\/h3>\n\n\n\n<ul class=\"wp-block-list\">\n<li><strong>Revisi\u00f3n de protocolos<\/strong>: Las autoridades podr\u00edan revisar y actualizar los protocolos de custodia de evidencias, incluyendo qui\u00e9n tiene acceso a los almacenes y qu\u00e9 controles se aplican para asegurar que las evidencias sean correctamente gestionadas.<\/li>\n\n\n\n<li><strong>Capacitaci\u00f3n del personal<\/strong>: Es probable que se implementen programas de capacitaci\u00f3n para el personal encargado de manejar y custodiar evidencias, para reforzar su conocimiento sobre las normas y procedimientos adecuados.<\/li>\n<\/ul>\n\n\n\n<h3 class=\"wp-block-heading\">4. <strong>Colaboraci\u00f3n con otros organismos de seguridad<\/strong><\/h3>\n\n\n\n<ul class=\"wp-block-list\">\n<li><strong>Operativos de recuperaci\u00f3n de armas<\/strong>: Las fuerzas de seguridad locales podr\u00edan iniciar operativos especiales para intentar recuperar las armas robadas, investigando posibles canales de distribuci\u00f3n y venta de armas ilegales en la regi\u00f3n.<\/li>\n\n\n\n<li><strong>Coordinaci\u00f3n con otros organismos<\/strong>: Se podr\u00eda trabajar en conjunto con la polic\u00eda y otros organismos de seguridad para fortalecer el control del tr\u00e1fico de armas y prevenir que las armas robadas terminen en manos de criminales.<\/li>\n<\/ul>\n\n\n\n<h3 class=\"wp-block-heading\">5. <strong>Transparencia y comunicaci\u00f3n p\u00fablica<\/strong><\/h3>\n\n\n\n<ul class=\"wp-block-list\">\n<li><strong>Comunicaci\u00f3n con la ciudadan\u00eda<\/strong>: Para restaurar la confianza p\u00fablica, es probable que se comuniquen los avances de la investigaci\u00f3n y las medidas correctivas a la poblaci\u00f3n. Esto ayudar\u00e1 a demostrar que las autoridades est\u00e1n tomando en serio la situaci\u00f3n y que se est\u00e1n adoptando pasos concretos para resolver el problema.<\/li>\n\n\n\n<li><strong>Revisi\u00f3n externa<\/strong>: Podr\u00eda sugerirse la participaci\u00f3n de organismos externos o independientes para realizar revisiones del manejo de evidencias, con el fin de aumentar la transparencia y evitar conflictos de inter\u00e9s.<\/li>\n<\/ul>\n\n\n\n<h3 class=\"wp-block-heading\">6. <strong>Reformas estructurales en la Fiscal\u00eda<\/strong><\/h3>\n\n\n\n<ul class=\"wp-block-list\">\n<li><strong>Evaluaci\u00f3n de otros casos<\/strong>: La Fiscal\u00eda podr\u00eda revisar otras \u00e1reas de manejo de evidencias en diferentes localidades del pa\u00eds para asegurarse de que no se presenten irregularidades similares en otras regiones.<\/li>\n\n\n\n<li><strong>Incorporaci\u00f3n de tecnolog\u00eda avanzada<\/strong>: Implementar sistemas m\u00e1s avanzados de control, como inventarios en tiempo real, auditor\u00edas automatizadas y tecnolog\u00eda de rastreo para evidencias sensibles, como armas de fuego.<\/li>\n<\/ul>\n\n\n\n<p class=\"wp-block-paragraph\">En resumen, las medidas abarcar\u00e1n tanto la sanci\u00f3n directa al responsable como la implementaci\u00f3n de reformas estructurales en los procedimientos de manejo de evidencias, acompa\u00f1adas de un mayor control y auditor\u00eda para prevenir futuros robos o irregularidades en la custodia de bienes bajo investigaci\u00f3n.<\/p>\n\n\n\n<p class=\"wp-block-paragraph\"><strong><em>By: Guillermo Martinez<\/em><\/strong><\/p>\n\n\n\n<p class=\"wp-block-paragraph\"><br><br><\/p>\n","protected":false},"excerpt":{"rendered":"<p>Un encargado de evidencias de la Fiscal\u00eda de Barahona ha sido acusado de robar armas de fuego del almac\u00e9n bajo su custodia. El incidente ha causado gran indignaci\u00f3n y preocupaci\u00f3n&hellip;<\/p>\n","protected":false},"author":1,"featured_media":189,"comment_status":"open","ping_status":"open","sticky":false,"template":"","format":"standard","meta":{"footnotes":""},"categories":[22],"tags":[],"class_list":["post-188","post","type-post","status-publish","format-standard","has-post-thumbnail","hentry","category-noticias-nacionales"],"_links":{"self":[{"href":"https:\/\/saborcaribefm.com\/index.php\/wp-json\/wp\/v2\/posts\/188","targetHints":{"allow":["GET"]}}],"collection":[{"href":"https:\/\/saborcaribefm.com\/index.php\/wp-json\/wp\/v2\/posts"}],"about":[{"href":"https:\/\/saborcaribefm.com\/index.php\/wp-json\/wp\/v2\/types\/post"}],"author":[{"embeddable":true,"href":"https:\/\/saborcaribefm.com\/index.php\/wp-json\/wp\/v2\/users\/1"}],"replies":[{"embeddable":true,"href":"https:\/\/saborcaribefm.com\/index.php\/wp-json\/wp\/v2\/comments?post=188"}],"version-history":[{"count":1,"href":"https:\/\/saborcaribefm.com\/index.php\/wp-json\/wp\/v2\/posts\/188\/revisions"}],"predecessor-version":[{"id":190,"href":"https:\/\/saborcaribefm.com\/index.php\/wp-json\/wp\/v2\/posts\/188\/revisions\/190"}],"wp:featuredmedia":[{"embeddable":true,"href":"https:\/\/saborcaribefm.com\/index.php\/wp-json\/wp\/v2\/media\/189"}],"wp:attachment":[{"href":"https:\/\/saborcaribefm.com\/index.php\/wp-json\/wp\/v2\/media?parent=188"}],"wp:term":[{"taxonomy":"category","embeddable":true,"href":"https:\/\/saborcaribefm.com\/index.php\/wp-json\/wp\/v2\/categories?post=188"},{"taxonomy":"post_tag","embeddable":true,"href":"https:\/\/saborcaribefm.com\/index.php\/wp-json\/wp\/v2\/tags?post=188"}],"curies":[{"name":"wp","href":"https:\/\/api.w.org\/{rel}","templated":true}]}}