{"id":152,"date":"2024-09-13T12:39:28","date_gmt":"2024-09-13T12:39:28","guid":{"rendered":"https:\/\/saborcaribefm.com\/?p=152"},"modified":"2024-09-13T12:39:28","modified_gmt":"2024-09-13T12:39:28","slug":"juristas-difieren-sobre-necesidad-de-referendo-para-modificar-la-constitucion","status":"publish","type":"post","link":"https:\/\/saborcaribefm.com\/index.php\/2024\/09\/13\/juristas-difieren-sobre-necesidad-de-referendo-para-modificar-la-constitucion\/","title":{"rendered":"Juristas difieren sobre necesidad de referendo para modificar la Constituci\u00f3n"},"content":{"rendered":"\n<p class=\"wp-block-paragraph\">En la Rep\u00fablica Dominicana, la discusi\u00f3n sobre la necesidad de un referendo para modificar la Constituci\u00f3n ha generado opiniones divididas entre los juristas. Algunos expertos sostienen que cualquier cambio significativo en la Carta Magna debe ser sometido a la aprobaci\u00f3n popular para garantizar la legitimidad y el respaldo ciudadano.<\/p>\n\n\n\n<p class=\"wp-block-paragraph\">Por otro lado, hay juristas que argumentan que no todas las modificaciones constitucionales requieren un referendo. Seg\u00fan ellos, el Congreso Nacional tiene la facultad de realizar ciertos cambios sin necesidad de consultar directamente al pueblo, siempre y cuando se respeten los procedimientos establecidos en la Constituci\u00f3n.<\/p>\n\n\n\n<p class=\"wp-block-paragraph\">Esta controversia se ha intensificado en el contexto de propuestas recientes para reformar aspectos clave de la Constituci\u00f3n, incluyendo temas de gobernabilidad y derechos fundamentales. Los defensores del referendo insisten en que la participaci\u00f3n ciudadana es crucial para fortalecer la democracia y evitar decisiones unilaterales.<\/p>\n\n\n\n<p class=\"wp-block-paragraph\">En contraste, quienes se oponen al referendo advierten que este proceso puede ser costoso y prolongado, adem\u00e1s de que podr\u00eda politizar a\u00fan m\u00e1s el debate constitucional. La discusi\u00f3n contin\u00faa, y se espera que las autoridades tomen una decisi\u00f3n que equilibre la necesidad de reformas con la participaci\u00f3n democr\u00e1tica.<\/p>\n\n\n\n<p class=\"wp-block-paragraph\"><strong>Los puntos clave de la propuesta de reforma constitucional en la Rep\u00fablica Dominicana incluyen:<\/strong><\/p>\n\n\n\n<ol class=\"wp-block-list\">\n<li><strong>Gobernabilidad<\/strong>: Se busca mejorar la eficiencia del gobierno y la administraci\u00f3n p\u00fablica, incluyendo posibles cambios en la estructura del poder ejecutivo y legislativo.<\/li>\n\n\n\n<li><strong>Derechos Fundamentales<\/strong>: La reforma propone actualizar y ampliar los derechos fundamentales de los ciudadanos, asegurando una mayor protecci\u00f3n y reconocimiento de estos derechos en la Constituci\u00f3n.<\/li>\n\n\n\n<li><strong>Sistema Judicial<\/strong>: Se plantean modificaciones para fortalecer la independencia y eficiencia del sistema judicial, con el objetivo de garantizar una justicia m\u00e1s r\u00e1pida y equitativa.<\/li>\n\n\n\n<li><strong>Participaci\u00f3n Ciudadana<\/strong>: La propuesta incluye mecanismos para aumentar la participaci\u00f3n ciudadana en los procesos democr\u00e1ticos, como referendos y consultas populares. Estos puntos han generado un debate significativo entre los juristas y la sociedad en general, ya que implican cambios importantes en la estructura y funcionamiento del Estado.<\/li>\n<\/ol>\n\n\n\n<p class=\"wp-block-paragraph\"><strong>La propuesta de reforma constitucional podr\u00eda tener varios impactos en los derechos individuales:<\/strong><\/p>\n\n\n\n<ol class=\"wp-block-list\">\n<li><strong>Ampliaci\u00f3n de Derechos<\/strong>: Se espera que la reforma incluya la actualizaci\u00f3n y ampliaci\u00f3n de los derechos fundamentales, lo que podr\u00eda significar una mayor protecci\u00f3n y reconocimiento de derechos como la privacidad, la libertad de expresi\u00f3n y los derechos digitales.<\/li>\n\n\n\n<li><strong>Protecci\u00f3n Legal<\/strong>: Con un sistema judicial m\u00e1s independiente y eficiente, los ciudadanos podr\u00edan beneficiarse de una mejor protecci\u00f3n legal y un acceso m\u00e1s r\u00e1pido a la justicia, lo que fortalecer\u00eda la defensa de sus derechos individuales.<\/li>\n\n\n\n<li><strong>Participaci\u00f3n Ciudadana<\/strong>: Al incluir mecanismos para aumentar la participaci\u00f3n ciudadana, como referendos y consultas populares, los individuos tendr\u00edan una mayor voz en las decisiones que afectan sus derechos y libertades.<\/li>\n\n\n\n<li><strong>Equidad y Justicia<\/strong>: Las reformas propuestas podr\u00edan abordar desigualdades existentes, asegurando que todos los ciudadanos tengan igual acceso a sus derechos y que se respeten de manera equitativa.<\/li>\n<\/ol>\n\n\n\n<p class=\"wp-block-paragraph\">Estos cambios buscan fortalecer la democracia y garantizar que los derechos individuales est\u00e9n mejor protegidos y reconocidos en la Constituci\u00f3n.<\/p>\n\n\n\n<p class=\"wp-block-paragraph\"><\/p>\n","protected":false},"excerpt":{"rendered":"<p>En la Rep\u00fablica Dominicana, la discusi\u00f3n sobre la necesidad de un referendo para modificar la Constituci\u00f3n ha generado opiniones divididas entre los juristas. Algunos expertos sostienen que cualquier cambio significativo&hellip;<\/p>\n","protected":false},"author":1,"featured_media":153,"comment_status":"open","ping_status":"open","sticky":false,"template":"","format":"standard","meta":{"footnotes":""},"categories":[22],"tags":[],"class_list":["post-152","post","type-post","status-publish","format-standard","has-post-thumbnail","hentry","category-noticias-nacionales"],"_links":{"self":[{"href":"https:\/\/saborcaribefm.com\/index.php\/wp-json\/wp\/v2\/posts\/152","targetHints":{"allow":["GET"]}}],"collection":[{"href":"https:\/\/saborcaribefm.com\/index.php\/wp-json\/wp\/v2\/posts"}],"about":[{"href":"https:\/\/saborcaribefm.com\/index.php\/wp-json\/wp\/v2\/types\/post"}],"author":[{"embeddable":true,"href":"https:\/\/saborcaribefm.com\/index.php\/wp-json\/wp\/v2\/users\/1"}],"replies":[{"embeddable":true,"href":"https:\/\/saborcaribefm.com\/index.php\/wp-json\/wp\/v2\/comments?post=152"}],"version-history":[{"count":2,"href":"https:\/\/saborcaribefm.com\/index.php\/wp-json\/wp\/v2\/posts\/152\/revisions"}],"predecessor-version":[{"id":155,"href":"https:\/\/saborcaribefm.com\/index.php\/wp-json\/wp\/v2\/posts\/152\/revisions\/155"}],"wp:featuredmedia":[{"embeddable":true,"href":"https:\/\/saborcaribefm.com\/index.php\/wp-json\/wp\/v2\/media\/153"}],"wp:attachment":[{"href":"https:\/\/saborcaribefm.com\/index.php\/wp-json\/wp\/v2\/media?parent=152"}],"wp:term":[{"taxonomy":"category","embeddable":true,"href":"https:\/\/saborcaribefm.com\/index.php\/wp-json\/wp\/v2\/categories?post=152"},{"taxonomy":"post_tag","embeddable":true,"href":"https:\/\/saborcaribefm.com\/index.php\/wp-json\/wp\/v2\/tags?post=152"}],"curies":[{"name":"wp","href":"https:\/\/api.w.org\/{rel}","templated":true}]}}