{"id":148,"date":"2024-09-12T10:30:00","date_gmt":"2024-09-12T10:30:00","guid":{"rendered":"https:\/\/saborcaribefm.com\/?p=148"},"modified":"2024-09-12T15:56:30","modified_gmt":"2024-09-12T15:56:30","slug":"estados-unidos-conmemoro-el-23-o-aniversario-de-los-atentados-del-11-de-septiembre-de-2001","status":"publish","type":"post","link":"https:\/\/saborcaribefm.com\/index.php\/2024\/09\/12\/estados-unidos-conmemoro-el-23-o-aniversario-de-los-atentados-del-11-de-septiembre-de-2001\/","title":{"rendered":"Estados Unidos conmemor\u00f3 el 23.\u00ba aniversario de los atentados del 11 de septiembre de 2001."},"content":{"rendered":"\n<p class=\"wp-block-paragraph\">El 11 de septiembre de 2024, Estados Unidos conmemor\u00f3 el 23.\u00ba aniversario de los atentados del 11 de septiembre de 2001, un evento que marc\u00f3 profundamente la historia del pa\u00eds.&nbsp;<a href=\"https:\/\/www.state.gov\/translations\/spanish\/23-o-aniversario-de-los-atentados-del-11-de-septiembre-de-2001\/\" target=\"_blank\" rel=\"noreferrer noopener\">En esta fecha, se llevaron a cabo diversas ceremonias y actos conmemorativos en todo el pa\u00eds para recordar a las v\u00edctimas y honrar a los h\u00e9roes que respondieron al ataque<\/a><a href=\"https:\/\/www.state.gov\/translations\/spanish\/23-o-aniversario-de-los-atentados-del-11-de-septiembre-de-2001\/\" target=\"_blank\" rel=\"noreferrer noopener\"><sup>1<\/sup><\/a>.<\/p>\n\n\n\n<p class=\"wp-block-paragraph\">En la Zona Cero de Nueva York, el presidente Joe Biden y la vicepresidenta Kamala Harris participaron en una ceremonia solemne. Durante el evento, se guard\u00f3 un minuto de silencio en memoria de las 2,977 v\u00edctimas que perdieron la vida en los ataques.&nbsp;<a href=\"https:\/\/cnnespanol.cnn.com\/video\/homenajes-23-anos-ataques-11s-cafe-tv\/\" target=\"_blank\" rel=\"noreferrer noopener\">Tambi\u00e9n se leyeron los nombres de las v\u00edctimas, un acto que se ha convertido en una tradici\u00f3n anual<\/a><a href=\"https:\/\/cnnespanol.cnn.com\/video\/homenajes-23-anos-ataques-11s-cafe-tv\/\" target=\"_blank\" rel=\"noreferrer noopener\"><sup>2<\/sup><\/a>.<\/p>\n\n\n\n<p class=\"wp-block-paragraph\">Adem\u00e1s de la ceremonia en Nueva York, se realizaron homenajes en otros lugares significativos, como el Pent\u00e1gono en Arlington, Virginia, y el campo en Shanksville, Pensilvania, donde se estrell\u00f3 el vuelo 93.&nbsp;<a href=\"https:\/\/cnnespanol.cnn.com\/video\/homenajes-23-anos-ataques-11s-cafe-tv\/\" target=\"_blank\" rel=\"noreferrer noopener\">Estos actos incluyeron discursos de l\u00edderes pol\u00edticos y familiares de las v\u00edctimas, as\u00ed como momentos de reflexi\u00f3n y oraci\u00f3n<\/a><a href=\"https:\/\/cnnespanol.cnn.com\/video\/homenajes-23-anos-ataques-11s-cafe-tv\/\" target=\"_blank\" rel=\"noreferrer noopener\"><sup>2<\/sup><\/a>.<\/p>\n\n\n\n<p class=\"wp-block-paragraph\">El secretario de Estado, Antony Blinken, emiti\u00f3 una declaraci\u00f3n en la que destac\u00f3 la resiliencia del pueblo estadounidense y la importancia de mantener la memoria de los ca\u00eddos.&nbsp;<a href=\"https:\/\/www.state.gov\/translations\/spanish\/23-o-aniversario-de-los-atentados-del-11-de-septiembre-de-2001\/\" target=\"_blank\" rel=\"noreferrer noopener\">Blinken tambi\u00e9n record\u00f3 a los colegas que murieron en Bengazi, Libia, en 2012, subrayando el continuo compromiso de Estados Unidos en la lucha contra el terrorismo<\/a><a href=\"https:\/\/www.state.gov\/translations\/spanish\/23-o-aniversario-de-los-atentados-del-11-de-septiembre-de-2001\/\" target=\"_blank\" rel=\"noreferrer noopener\"><sup>1<\/sup><\/a>.<\/p>\n\n\n\n<p class=\"wp-block-paragraph\">En todo el pa\u00eds, estaciones de bomberos, ayuntamientos y otros lugares p\u00fablicos organizaron sus propios actos conmemorativos.&nbsp;<a href=\"https:\/\/www.state.gov\/translations\/spanish\/23-o-aniversario-de-los-atentados-del-11-de-septiembre-de-2001\/\">Estos eventos locales permitieron a las comunidades rendir homenaje a las v\u00edctimas y a los socorristas que arriesgaron sus vidas para salvar a otros<\/a><a href=\"https:\/\/bing.com\/search?q=celebracion+de+aniversario+del+atentado+septiembre\" target=\"_blank\" rel=\"noreferrer noopener\"><sup>3<\/sup><\/a>.<\/p>\n\n\n\n<p class=\"wp-block-paragraph\">La conmemoraci\u00f3n del 23.\u00ba aniversario del 11 de septiembre fue un recordatorio poderoso de la unidad y la fortaleza del pueblo estadounidense frente a la adversidad.&nbsp;<a href=\"https:\/\/www.state.gov\/translations\/spanish\/23-o-aniversario-de-los-atentados-del-11-de-septiembre-de-2001\/\" target=\"_blank\" rel=\"noreferrer noopener\">A trav\u00e9s de estos actos, se reafirm\u00f3 el compromiso de nunca olvidar a las v\u00edctimas y de seguir trabajando por un futuro m\u00e1s seguro<\/a><\/p>\n\n\n\n<p class=\"wp-block-paragraph\"><\/p>\n","protected":false},"excerpt":{"rendered":"<p>El 11 de septiembre de 2024, Estados Unidos conmemor\u00f3 el 23.\u00ba aniversario de los atentados del 11 de septiembre de 2001, un evento que marc\u00f3 profundamente la historia del pa\u00eds.&nbsp;En&hellip;<\/p>\n","protected":false},"author":1,"featured_media":150,"comment_status":"open","ping_status":"open","sticky":false,"template":"","format":"standard","meta":{"footnotes":""},"categories":[23],"tags":[],"class_list":["post-148","post","type-post","status-publish","format-standard","has-post-thumbnail","hentry","category-noticias-internacionales"],"_links":{"self":[{"href":"https:\/\/saborcaribefm.com\/index.php\/wp-json\/wp\/v2\/posts\/148","targetHints":{"allow":["GET"]}}],"collection":[{"href":"https:\/\/saborcaribefm.com\/index.php\/wp-json\/wp\/v2\/posts"}],"about":[{"href":"https:\/\/saborcaribefm.com\/index.php\/wp-json\/wp\/v2\/types\/post"}],"author":[{"embeddable":true,"href":"https:\/\/saborcaribefm.com\/index.php\/wp-json\/wp\/v2\/users\/1"}],"replies":[{"embeddable":true,"href":"https:\/\/saborcaribefm.com\/index.php\/wp-json\/wp\/v2\/comments?post=148"}],"version-history":[{"count":1,"href":"https:\/\/saborcaribefm.com\/index.php\/wp-json\/wp\/v2\/posts\/148\/revisions"}],"predecessor-version":[{"id":149,"href":"https:\/\/saborcaribefm.com\/index.php\/wp-json\/wp\/v2\/posts\/148\/revisions\/149"}],"wp:featuredmedia":[{"embeddable":true,"href":"https:\/\/saborcaribefm.com\/index.php\/wp-json\/wp\/v2\/media\/150"}],"wp:attachment":[{"href":"https:\/\/saborcaribefm.com\/index.php\/wp-json\/wp\/v2\/media?parent=148"}],"wp:term":[{"taxonomy":"category","embeddable":true,"href":"https:\/\/saborcaribefm.com\/index.php\/wp-json\/wp\/v2\/categories?post=148"},{"taxonomy":"post_tag","embeddable":true,"href":"https:\/\/saborcaribefm.com\/index.php\/wp-json\/wp\/v2\/tags?post=148"}],"curies":[{"name":"wp","href":"https:\/\/api.w.org\/{rel}","templated":true}]}}